{"id":92,"date":"2017-06-29T10:20:59","date_gmt":"2017-06-29T08:20:59","guid":{"rendered":"http:\/\/pepesourcier.fr\/?p=92"},"modified":"2017-06-29T15:09:35","modified_gmt":"2017-06-29T13:09:35","slug":"vie-et-carriere-de-mon-pere","status":"publish","type":"post","link":"https:\/\/pepesourcier.fr\/?p=92","title":{"rendered":"Vie et Carri\u00e8re de mon p\u00e8re"},"content":{"rendered":"<p>N\u00e9 le 7 Novembre 1907 \u00e0 Primelin (29770 Finist\u00e8re) \u00e0 la ferme de ses grands\u00a0 parents maternels situ\u00e9e au village de Kerscoulet (les RIOU sont \u00e0 Kerscoulet depuis au moins 1600).<br \/>\nLa l\u00e9gende dit qu\u2019Eug\u00e8ne serait n\u00e9 dans le lavoir de la gr<img loading=\"lazy\" class=\"size-medium wp-image-95 alignright\" src=\"http:\/\/pepesourcier.fr\/wp-content\/uploads\/2017\/06\/lavorkerscoulet_1024x768-300x225.jpg\" alt=\"\" width=\"300\" height=\"225\" srcset=\"https:\/\/pepesourcier.fr\/wp-content\/uploads\/2017\/06\/lavorkerscoulet_1024x768-300x225.jpg 300w, https:\/\/pepesourcier.fr\/wp-content\/uploads\/2017\/06\/lavorkerscoulet_1024x768-768x576.jpg 768w, https:\/\/pepesourcier.fr\/wp-content\/uploads\/2017\/06\/lavorkerscoulet_1024x768.jpg 1024w\" sizes=\"(max-width: 300px) 100vw, 300px\" \/>and- m\u00e8re ( voir photo), situ\u00e9 dans la vall\u00e9e du Steir, le long du chemin descendant au moulin de Kerscoulet. Son p\u00e8re \u00e9tait quartier- ma\u00eetre chauffeur dans la Marine Nationale et sa m\u00e8re sans profession.<br \/>\nIl a \u00e9t\u00e9 \u00e0 l\u2019\u00e9cole primaire de Primelin de 1914\u00e0 1921 et ensuite il est all\u00e9 fin 1921 \u00e0 l\u2019Ecole Primaire Sup\u00e9rieure de Douarnenez ou il \u00e9tait pensionnaire. Il a fr\u00e9quent\u00e9 l\u2019option Menuiserie.<br \/>\nIl avait pris \u00e9galement la sp\u00e9cialit\u00e9 enseignement nautique qui pr\u00e9parait aux \u00e9coles de la Marine de Paimpol et Nantes.<br \/>\nEn Mai 1925 il a pass\u00e9 le concours national de surnum\u00e9raire des PTT (6\u00e07000 candidats)<br \/>\nClass\u00e9 110\u00e8me pour 100 pris il est nomm\u00e9 \u00e0 Madagascar\u00a0!!Il renonce et repasse le concours en Mai 1926.En septembre il est re\u00e7u et nomm\u00e9 en d\u00e9cembre \u00e0 Paris .N\u2019ayant pas fait le cours d\u2019instruction, il a de grosses difficult\u00e9s .Il travaille au bureau de Paris 30 ou il n\u2019y a que d<img loading=\"lazy\" class=\"size-medium wp-image-94 alignright\" src=\"http:\/\/pepesourcier.fr\/wp-content\/uploads\/2017\/06\/P1000619_1024x768-300x225.jpg\" alt=\"\" width=\"300\" height=\"225\" srcset=\"https:\/\/pepesourcier.fr\/wp-content\/uploads\/2017\/06\/P1000619_1024x768-300x225.jpg 300w, https:\/\/pepesourcier.fr\/wp-content\/uploads\/2017\/06\/P1000619_1024x768-768x576.jpg 768w, https:\/\/pepesourcier.fr\/wp-content\/uploads\/2017\/06\/P1000619_1024x768.jpg 1024w\" sizes=\"(max-width: 300px) 100vw, 300px\" \/>es guichets. Le receveur l\u2019a tr\u00e8s mal re\u00e7u et a t\u00e9l\u00e9phon\u00e9 \u00e0 la Direction pour lui dire que cet employ\u00e9, n\u2019ayant pas suivi le cours d\u2019instruction, \u00e9tait inutilisable\u00a0!!et qu\u2019 il voulait le rendre \u00e0 la Direction.<br \/>\nHeureusement le personnel du bureau \u00e9tait tr\u00e8s sympathique et 2 jeunes qui avaient suivi le cours se sont occup\u00e9 de lui. Le personnel \u00e9tait essentiellement du Midi et du Sud-Ouest.<br \/>\nUn contr\u00f4leur l\u2019a mis en doublure au guichet avec l\u2019indicateur universel des PTT\u00a0;tous les soirs, Eug\u00e8ne le potassait. Apr\u00e8s quelques semaines il pouvait tenir un guichet d\u2019enregistrement des Lettres Recommand\u00e9es et des paquets. Petit \u00e0 petit il a donc appris le m\u00e9tier sur le tas.<\/p>\n<p>En Mai 1928 il fait son service militaire \u00e0 Brest au cours de t\u00e9l\u00e9graphiste et radio \u2013t\u00e9l\u00e9graphiste du s\u00e9maphore du Parc au Duc. Il mangeait et dormait \u00e0 la caserne Gu\u00e9pin qui \u00e9tait le si\u00e8ge de la Musique des \u00e9quipages de la Flotte. Cela lui a permis de d\u00e9couvrir la Musique Classique.<\/p>\n<p>En Septembre 1929 retour \u00e0 Paris. En Octobre 1929 cours d\u2019instruction de 3 mois \u00e0 Chalons sur Marne. Cela lui a permis de montrer son exp\u00e9rience de d\u00e9nicheur de nids de pie\u00a0;en effet apr\u00e8s quelques coupes de champagne le jeu consistait \u00e0 grimper le plus rapidement en haut des peupliers\u00a0!!!Il a \u00e9galement ,en d\u00e9cembre aid\u00e9 par son copain D\u2019Herv\u00e9, sauv\u00e9 de la noyade une jeune fille de 16 ans qui s\u2019\u00e9tait jet\u00e9 dans le canal ,\u00e0 la suite d\u2019un chagrin d\u2019amour\u00a0;il n\u2019a \u00e9videmment re\u00e7u aucun remerciement de sa part\u00a0!!<\/p>\n<p>En Janvier 1930 il est nomm\u00e9 au central t\u00e9l\u00e9graphique de Paris (3000 personnes) ou il re\u00e7oit l\u2019instruction pour les appareils Baudot et Hughes.<\/p>\n<p>En Avril 1930 il est nomm\u00e9 commis au central t\u00e9l\u00e9graphique d\u2019Angers (49) .Il est polyvalent et travaille de nuit au t\u00e9l\u00e9phone.<\/p>\n<p>En Novembre 1933 il se marie avec une jeune posti\u00e8re originaire de Saint-Christophe la Couperie(49) rencontr\u00e9e au th\u00e9\u00e2tre\u00a0;un premier enfant\u00a0:Jean Yves na\u00eet le 16\/04\/1936.<\/p>\n<p>En 1939 il passe le concours du R\u00e9dactorat sans pr\u00e9paration\u00a0;il n\u2019est pas re\u00e7u mais est tr\u00e8s bien class\u00e9. Fin 1939 il se met \u00e0 apprendre en cours interne le droit public , le droit commercial et le droit international\u00a0;cela fut tr\u00e8s difficile.<\/p>\n<p>Le 10 Mai 1940,jour de l&rsquo;invasion allemande na\u00eet le deuxi\u00e8me enfant\u00a0:Alain ( c&rsquo;est moi).\u00a0;cela lui \u00e9vitera d\u2019\u00eatre mobilis\u00e9 pour la guerre.<\/p>\n<p>Il passe le concours du r\u00e9dactorat fin 1940\u00a0:il est re\u00e7u d\u00e9but 1941 et est nomm\u00e9 \u00e0 Blois<br \/>\nqui se trouve pr\u00e8s de la ligne de d\u00e9marcation. Le bureau est tr\u00e8s important car il re\u00e7oit une dizaine de sacs par jour pour les passeurs. Fin 1941 le directeur demande \u00e0 Eug\u00e8ne de se rendre d\u2019urgence au bureau de Celles sur Cher avec la voiture de direction. En effet il a re\u00e7u une information comme quoi le facteur receveur risquait d\u2019\u00eatre arr\u00eat\u00e9 par les Allemands car il \u00e9tait d\u2019origine juive\u00a0!!Apr\u00e8s une entrevue avec sa femme et lui, Eug\u00e8ne lui conseille de passer en zone libre.Le lendemain \u00e0 6 heures du matin la Gestapo \u00e9tait chez le receveur qui avait fui.<br \/>\nQuinze jours apr\u00e8s nouvelle alerte et Eug\u00e8ne recommence l\u2019op\u00e9ration et le postier est sauv\u00e9\u00a0;mais quelques jours apr\u00e8s,la Gestapo ne trouvant personne enferme sa femme et ses enfants .Le directeur inform\u00e9 ,se rend \u00e0 la Gestapo ,en demandant de repartir avec la femme et les enfants. Il n\u2019a pas de succ\u00e8s et est mis \u00e0 la porte. Il refuse de repartir sans les personnes. Tard dans la soir\u00e9e ils sont lib\u00e9r\u00e9s. Mon p\u00e8re m\u00e9riterait donc de faire partie des JUSTES.<\/p>\n<p>Eug\u00e8ne passera un an et demi \u00e0 Blois\u00a0;il revient de temps en temps \u00e0 Angers. A la belle saison il vient \u00e0 v\u00e9lo passer le week-end \u00e0 Angers.<\/p>\n<p>Fin 1941 il est nomm\u00e9 r\u00e9dacteur \u00e0 la Direction D\u00e9partementale d\u2019Angers.<\/p>\n<p>Compte tenu de l\u2019Occupation il est tr\u00e8s difficile de venir \u00e0 Primelin car c\u2019est une zone interdite. Eug\u00e8ne s\u2019arrange avec Marianne la Secr\u00e9taire de Mairie de Primelin pour avoir des laissez-passer.<\/p>\n<p>La Direction des T\u00e9l\u00e9com d\u2019Angers a des relations directes avec l\u2019Arm\u00e9e Allemande\u00a0;mi-1943, celle-ci demande de grosses quantit\u00e9s de fils de cuivre. Malheureusement il n\u2019y a pas de r\u00e9serve et il faut donc d\u00e9monter les fils t\u00e9l\u00e9graphiques\u00a0;heureusement les services allemands<br \/>\nsont mal organis\u00e9s et pour 1000kg r\u00e9cup\u00e9r\u00e9s,300kg sont cach\u00e9s le long des voies ferr\u00e9es sous des tas de cailloux. Tout cela est risqu\u00e9\u00a0:dans le d\u00e9partement de la Manche le Directeur a \u00e9t\u00e9 fusill\u00e9\u00a0!!!<\/p>\n<p>En Avril 1944 na\u00eet le 3\u00e8me et dernier enfant du couple\u00a0:Maryvonne<\/p>\n<p>En 1945 Eug\u00e8ne passe inspecteur principal \u00e0 l\u2019anciennet\u00e9<\/p>\n<p>En 1955 il appartient \u00e0 la section des dirigeants de bureau de postes et est nomm\u00e9 receveur \u00e0 Cherbourg. Le bureau de Cherbourg a un tr\u00e8s important service de transbordement de milliers de sacs postaux venant de toute l\u2019Europe du Nord et de l\u2019Est par trains sp\u00e9ciaux, lesquels partent en Am\u00e9rique sur les paquebots de la Cunard Line\u00a0:le Queen Mary et le Queen Elisabeth. ,cela une fois par semaine,.la m\u00eame op\u00e9ration se fait au retour d\u2019Am\u00e9rique.<\/p>\n<p>En septembre 1958 suite aux gros probl\u00e8mes de sant\u00e9 de son \u00e9pouse, Eug\u00e8ne recherche rapidement un bureau avec un climat plus cl\u00e9ment, c&rsquo;est-\u00e0-dire celui du Sud-Est. Il atterrit au bureau de Marseille Saint-Giniez\u00a0 dans le 8\u00e8me arrondissement de la ville ;c\u2019est un bureau tr\u00e8s mal tenu par le pr\u00e9c\u00e9dent receveur, d\u00e9pass\u00e9 par le d\u00e9ferlement des rapatri\u00e9s d\u2019Alg\u00e9rie. Il y a 160 facteurs dont 80% de Corses et 100 agents de bureau. D\u00e8s sa prise de service Eug\u00e8ne est soutenu par la Direction et obtient 10\u00e0 12 postes suppl\u00e9mentaires. Tous les ans il y a un accroissement important du trafic.<br \/>\nEn 1968 le bureau comporte 250 facteurs et 200 agents.<\/p>\n<p>Il a pris sa retraite en Juin 1968 comme receveur de classe exceptionnelle et depuis il coule des jours heureux dans sa propri\u00e9t\u00e9 de Kerlav\u00e9nan \u00e0 Primelin. Ses passions sont la p\u00eache, la lecture ,le jardinage et la d\u00e9fense de l\u2019Environnement.<\/p>\n<p>Pour le jardinage, il a plant\u00e9 2 hectares d\u2019arbres dans les propri\u00e9t\u00e9s de ses fils et il cultive et entretient toujours son jardin de 3000m2\u00a0;il n\u2019y a que quelques ann\u00e9es qu\u2019il a renonc\u00e9 \u00e0 la b\u00eache.<\/p>\n<p>Pour la d\u00e9fense de l\u2019environnement, il a \u00e9t\u00e9 un des fondateurs de la lutte contre la centrale nucl\u00e9aire de Plogoff\u00a0; il \u00e9tait responsable du Groupement Foncier Agricole. Ce fut quand m\u00eame un exploit de faire reculer l\u2019Etat\u00a0;Merci Fanch Mitt\u00a0!!!<br \/>\nIl a quand m\u00eame \u00e9t\u00e9 tra\u00een\u00e9 en justice 3 fois pour cette affaire\u00a0!!<\/p>\n<p>Son \u00e9pouse est d\u00e9c\u00e9d\u00e9e en Janvier 2005 \u00e0 l\u2019\u00e2ge de 95 ans\u00a0;malgr\u00e9 son chagrin Eug\u00e8ne continue \u00e0 vivre chez lui faisant ses courses,sa cuisine et est rest\u00e9 tr\u00e8s autonome\u00a0!!<\/p>\n<p>Pour ses 100 ans (voir photo)\u00a0il a r\u00e9uni autour de lui ses 3 enfants ,6 petits-enfants et 3 arri\u00e8re \u2013petits-<br \/>\nenfants , ainsi que sa s\u0153ur \u00e2g\u00e9e de 94 ans toujours en vie\u00a0;\u00e0 cette occasion il nous a chant\u00e9 des chansons de l\u2019\u00e9poque de sa jeunesse et racont\u00e9 quelques anecdotes parfois croustillantes.<\/p>\n<p>Il a conduit sa voiture ,une petite Samba grise, surnomm\u00e9e par les personnes du secteur, la Fl\u00e8che Grise ,car il avait le pied lourd.,jusqu&rsquo;\u00e0 l&rsquo;age de 101 ans.Gr\u00e2ce \u00e0 la rupture de l&#8217;embrayage nous avons pu l&#8217;emp\u00eacher de conduire.En effet il avait tendance \u00e0 conduire au milieu de la route et bon nombre d&rsquo;habitants du Cap Sizun le croisant, n&rsquo;ont d\u00fb leur salut qu&rsquo;en roulant sur l&rsquo;accotement\u00a0!!!<\/p>\n<p>Il continuait \u00e0 planter des haricots \u00e0 l&rsquo;\u00e2ge de 104 ans.<\/p>\n<p>Sa m\u00e9moire imm\u00e9diate \u00e9tant largement d\u00e9faillante il ne pouvait plus habiter seul chez lui et a fini ses jours \u00e0 l&rsquo;EPHAD de Cl\u00e9den cap sizun et y est d\u00e9c\u00e9d\u00e9 le 20\/12\/2013 \u00e0 l&rsquo;age de 106 ans,<br \/>\n\u00e9tant vraisemblablement un des doyens de Bretagne.<\/p>\n<p>&nbsp;<\/p>\n","protected":false},"excerpt":{"rendered":"<p>N\u00e9 le 7 Novembre 1907 \u00e0 Primelin (29770 Finist\u00e8re) \u00e0 la ferme de ses grands\u00a0 parents maternels situ\u00e9e au village de Kerscoulet (les RIOU sont \u00e0 Kerscoulet depuis au moins 1600). La l\u00e9gende dit qu\u2019Eug\u00e8ne serait n\u00e9 dans le lavoir de la grand- m\u00e8re ( voir photo), situ\u00e9 dans la vall\u00e9e du Steir, le long &hellip; <\/p>\n<p class=\"link-more\"><a href=\"https:\/\/pepesourcier.fr\/?p=92\" class=\"more-link\">Continuer la lecture<span class=\"screen-reader-text\"> de &laquo;&nbsp;Vie et Carri\u00e8re de mon p\u00e8re&nbsp;&raquo;<\/span><\/a><\/p>\n","protected":false},"author":1,"featured_media":0,"comment_status":"open","ping_status":"open","sticky":false,"template":"","format":"standard","meta":[],"categories":[7],"tags":[],"_links":{"self":[{"href":"https:\/\/pepesourcier.fr\/index.php?rest_route=\/wp\/v2\/posts\/92"}],"collection":[{"href":"https:\/\/pepesourcier.fr\/index.php?rest_route=\/wp\/v2\/posts"}],"about":[{"href":"https:\/\/pepesourcier.fr\/index.php?rest_route=\/wp\/v2\/types\/post"}],"author":[{"embeddable":true,"href":"https:\/\/pepesourcier.fr\/index.php?rest_route=\/wp\/v2\/users\/1"}],"replies":[{"embeddable":true,"href":"https:\/\/pepesourcier.fr\/index.php?rest_route=%2Fwp%2Fv2%2Fcomments&post=92"}],"version-history":[{"count":4,"href":"https:\/\/pepesourcier.fr\/index.php?rest_route=\/wp\/v2\/posts\/92\/revisions"}],"predecessor-version":[{"id":102,"href":"https:\/\/pepesourcier.fr\/index.php?rest_route=\/wp\/v2\/posts\/92\/revisions\/102"}],"wp:attachment":[{"href":"https:\/\/pepesourcier.fr\/index.php?rest_route=%2Fwp%2Fv2%2Fmedia&parent=92"}],"wp:term":[{"taxonomy":"category","embeddable":true,"href":"https:\/\/pepesourcier.fr\/index.php?rest_route=%2Fwp%2Fv2%2Fcategories&post=92"},{"taxonomy":"post_tag","embeddable":true,"href":"https:\/\/pepesourcier.fr\/index.php?rest_route=%2Fwp%2Fv2%2Ftags&post=92"}],"curies":[{"name":"wp","href":"https:\/\/api.w.org\/{rel}","templated":true}]}}